{"id":1054,"date":"2025-03-16T13:29:13","date_gmt":"2025-03-16T12:29:13","guid":{"rendered":"https:\/\/tpdeblin.pl\/?p=1054"},"modified":"2025-07-17T08:03:18","modified_gmt":"2025-07-17T06:03:18","slug":"deblinianie-o-ktorych-warto-pamietac","status":"publish","type":"post","link":"https:\/\/tpdeblin.pl\/?p=1054","title":{"rendered":"D\u0119blinianie, o kt\u00f3rych warto pami\u0119ta\u0107"},"content":{"rendered":"\n<p><strong>Aleksander Iwaniec (1940 \u2013 1974)<\/strong><\/p>\n\n\n\n<p><strong>Aktor teatralny, telewizyjny, radiowy i filmowy<\/strong><\/p>\n\n\n\n<p>By\u0142 zdolnym, wyr\u00f3\u017cniaj\u0105cym si\u0119 aktorem. Mimo m\u0142odego wieku stworzy\u0142 wiele wybitnych kreacji, m.in. rola tyt. w &#8222;Ryszardzie III&#8221; (1962), Orestes (&#8222;Ifigenia w Taurydzie&#8221;, 1962), Alfred (&#8222;M\u0105\u017c i \u017cona&#8221;, 1965), Alcest (&#8222;Mizantrop&#8221;, 1967), rola w tyt. w &#8222;Mazepie&#8221; (1967), Szerwi\u0144ski (&#8222;Dni Turbin\u00f3w&#8221;, 1969), role tyt. w &#8222;Hamlecie&#8221; (1969) i &#8222;Kordianie&#8221; (1971).<\/p>\n\n\n\n<p>Reprezentowa\u0142 <em>&#8222;&#8230;wyraziste, \u015bwiadomie konstruowane aktorstwo o du\u017cej dyscyplinie \u015brodk\u00f3w i interesuj\u0105cych tre\u015bciach, aktorstwo bardzo nowoczesne przez rygory formy i spos\u00f3b deformacji<\/em>&#8222;.<\/p>\n\n\n\n<p>Urodzi\u0142 si\u0119 16 marca 1940 r. W wieku pi\u0119ciu lat umia\u0142 ju\u017c pisa\u0107 i czyta\u0107. Do szko\u0142y zabiera\u0142a go babcia, Janina Bi\u0144czycka, nauczycielka Szko\u0142y nr 2 w D\u0119blinie. Wkr\u00f3tce oficjalnie zosta\u0142 wpisany na list\u0119 uczni\u00f3w. Szko\u0142\u0119 uko\u0144czy\u0142 w wieku 12 lat. Poniewa\u017c nie mie\u015bci\u0142 si\u0119 w stosownych przepisach w\u0142adze kuratoryjne musia\u0142y wyda\u0107 zgod\u0119 na dalsze kontynuowanie nauki w d\u0119bli\u0144skim liceum. W szkole by\u0142 ozdob\u0105 wszystkich akademii, wieczor\u00f3w poezji, konkurs\u00f3w recytatorskich. Gra\u0142 w szkolnym teatrze oraz ta\u0144czy\u0142 w zespole. Po maturze&nbsp; zdecydowa\u0142 si\u0119 zdawa\u0107 na wydzia\u0142 aktorski do Pa\u0144stwowej Wy\u017cszej Szko\u0142y Filmowej w \u0141odzi. Profesorowie byli lekko szokowani jego wiekiem \u2013 16 lat, ale nie robili przeszk\u00f3d. Jeszcze w czasie studi\u00f3w wyst\u0105pi\u0142 w szkolnej etiudzie pt. \u201eCzerwone i bia\u0142e w re\u017c. Agnieszki Osieckiej (1958).<\/p>\n\n\n\n<p>W 1960 r. uko\u0144czy\u0142 \u0142\u00f3dzk\u0105 \u201efilm\u00f3wk\u0119\u201d i za namow\u0105 prof. Bardiniego zatrudni\u0142 si\u0119 na sezon 1960\/61 do Teatru im. Bogus\u0142awskiego w Kaliszu. Nast\u0119pnie wyst\u0119powa\u0142 i zbiera\u0142 do\u015bwiadczenia w 1961-63 w Teatrze Ziemi Lubuskiej w Zielonej G\u00f3rze, w sezonach 1963-65 w Teatrze im. \u017beromskiego w Kielcach, 1965-67 w Teatrze im. W\u0119gierki w Bia\u0142ymstoku, 1967\/68 w Teatrze im. Osterwy w Lublinie, 1968-71 w Teatrze Polskim w Poznaniu, 1971-73 w Teatrze Narodowym, a 1973\/74 w Teatrze Polskim w Warszawie.<\/p>\n\n\n\n<p>W Teatrze Telewizji zadebiutowa\u0142 rol\u0105 Kleandra w \u201ePrzedziwnym kochanku&#8221; w re\u017c. Marii Straszewskiej (1963), a nast\u0119pnie zagra\u0142 m. in. w spektaklach: \u201eD\u0142ug&#8221; (1969), \u201eBallada \u017co\u0142nierska&#8221; (1969), \u201ePan Tadeusz (Ksi\u0119ga XII &#8211; Kochajmy si\u0119)&#8221; (1971), \u201eWi\u015bniowy sad&#8221; (1972), \u201eNorwid&#8221; (1973), \u201eHamlet&#8221; (1974), \u201eLipcowe tarapaty&#8221; (1974).<\/p>\n\n\n\n<p>W Teatrze Polskiego Radia zagra\u0142 w oko\u0142o dwudziestu spektaklach. Debiutowa\u0142 w s\u0142uchowisku \u201eJan&#8221; Stefana \u017beromskiego (Wiktor) w re\u017c. Zbigniewa Soleckiego (1962), a tak\u017ce m. in. w: \u201eKsi\u0119\u017cniczka na ziarnku grochu&#8221; Hansa Christiana Andersena w re\u017c. Zbigniewa Kopalki (1972), \u201eCzarna skrzynka oskar\u017ca&#8221; Zbigniewa Lipi\u0144skiego w re\u017c. Andrzeja Pruskiego (1973), \u201ePopio\u0142y&#8221; Stefana \u017beromskiego w re\u017c. Jana \u015awiderskiego (1973) i \u201eO wiosno, kto ci\u0119 widzia\u0142&#8221; Krystyny Grzybowskiej w re\u017c. Wojciecha Maciejewskiego (1981).<\/p>\n\n\n\n<p>Wyst\u0105pi\u0142 tak\u017ce w filmach: \u201eR\u0119kopis znaleziony w Saragossie&#8221; re\u017c. Wojciech Jerzy Has (1965,) \u201e\u017bywot Mateusza&#8221; re\u017c. Witold Leszczy\u0144ski (1968), \u201ePu\u0142apka&#8221; re\u017c. Andrzej Jerzy Piotrowski (1971), \u201eMateo Falcone&#8221; re\u017c. Jana Budkiewicza (1971), \u201eMarkheim&#8221; re\u017c. Janusz Majewski (1972), \u201eAgent nr 1&#8243; re\u017c. Zbigniew Ku\u017ami\u0144ski (1972), \u201eSkarb trzech \u0142otr\u00f3w&#8221; re\u017c. Jan Rutkiewicz (1972) i \u201eGodzina za godzin\u0105&#8221; re\u017c. Roman Za\u0142uski (1974).<\/p>\n\n\n\n<p>8 marca 1974 roku wraca\u0142 do Warszawy po zako\u0144czeniu zdj\u0119\u0107 do filmu \u201eGodzina za godzin\u0105\u201d. Nie dojecha\u0142, zgin\u0105\u0142 w wypadku samochodowym pod Sochaczewem. Zosta\u0142 pochowany na Cmentarzu Wojskowym na Pow\u0105zkach w Warszawie (kwatera B36-6-25).<\/p>\n\n\n\n<p>O jego roli w ostatnim filmie tak napisa\u0142 Miros\u0142aw Winiarski w czasopi\u015bmie \u201eEkran\u201d :<\/p>\n\n\n\n<p><em>Nie spos\u00f3b nie wspomnie\u0107 o ostatniej niestety ju\u017c roli Aleksandra Iwa\u0144ca, graj\u0105cego g\u0142\u00f3wn\u0105 rol\u0119 \u2013 Tadeusza. Kreacja ta bogata w mas\u0119 niespodziewanych odczu\u0107, w swobod\u0119 i naturalno\u015b\u0107, tak rzadko u nas spotykan\u0105, dopiero u\u015bwiadamia strat\u0119, jak\u0105 po \u015bmierci tego aktora ponios\u0142a nasza kinematografia. Posta\u0107 bohatera ma dzi\u0119ki Iwa\u0144cowi pewn\u0105 tajemniczo\u015b\u0107 i chropowato\u015b\u0107. Przede wszystkim jednak zawiera rzadko spotykan\u0105 u nas skal\u0119 odczu\u0107 \u2013 od agresywno\u015bci do liryzmu\u201d.<\/em><\/p>\n\n\n\n<p>Zdj\u0119cia z film\u00f3w z jego udzia\u0142em mo\u017cna obejrze\u0107 na linku:<\/p>\n\n\n\n<p><a href=\"https:\/\/fototeka.fn.org.pl\/pl\/osoby\/info\/7082\/iwaniec-aleksander.html\">https:\/\/fototeka.fn.org.pl\/pl\/osoby\/info\/7082\/iwaniec-aleksander.html<\/a><\/p>\n\n\n\n<p><em>\u0179r\u00f3d\u0142a:<\/em><\/p>\n\n\n\n<p><a href=\"http:\/\/www.dziennikteatralny.pl\">http:\/\/www.dziennikteatralny.pl<\/a><em><\/em><\/p>\n\n\n\n<p><em>\u201eMi\u0119dzy Nami\u201d nr 2\/2004<\/em><\/p>\n\n\n\n<p><em>Opr. G .Szczepa\u0144ska<\/em><\/p>\n\n\n\n<p><\/p>\n","protected":false},"excerpt":{"rendered":"<p>Aleksander Iwaniec (1940 \u2013 1974) Aktor teatralny, telewizyjny, radiowy i filmowy By\u0142 zdolnym, wyr\u00f3\u017cniaj\u0105cym si\u0119 aktorem. Mimo m\u0142odego wieku stworzy\u0142 [&hellip;]<\/p>\n","protected":false},"author":1,"featured_media":1055,"comment_status":"closed","ping_status":"open","sticky":false,"template":"","format":"standard","meta":{"site-sidebar-layout":"default","site-content-layout":"","ast-site-content-layout":"default","site-content-style":"default","site-sidebar-style":"default","ast-global-header-display":"","ast-banner-title-visibility":"","ast-main-header-display":"","ast-hfb-above-header-display":"","ast-hfb-below-header-display":"","ast-hfb-mobile-header-display":"","site-post-title":"","ast-breadcrumbs-content":"","ast-featured-img":"","footer-sml-layout":"","ast-disable-related-posts":"","theme-transparent-header-meta":"","adv-header-id-meta":"","stick-header-meta":"","header-above-stick-meta":"","header-main-stick-meta":"","header-below-stick-meta":"","astra-migrate-meta-layouts":"default","ast-page-background-enabled":"default","ast-page-background-meta":{"desktop":{"background-color":"var(--ast-global-color-5)","background-image":"","background-repeat":"repeat","background-position":"center center","background-size":"auto","background-attachment":"scroll","background-type":"","background-media":"","overlay-type":"","overlay-color":"","overlay-opacity":"","overlay-gradient":""},"tablet":{"background-color":"","background-image":"","background-repeat":"repeat","background-position":"center center","background-size":"auto","background-attachment":"scroll","background-type":"","background-media":"","overlay-type":"","overlay-color":"","overlay-opacity":"","overlay-gradient":""},"mobile":{"background-color":"","background-image":"","background-repeat":"repeat","background-position":"center center","background-size":"auto","background-attachment":"scroll","background-type":"","background-media":"","overlay-type":"","overlay-color":"","overlay-opacity":"","overlay-gradient":""}},"ast-content-background-meta":{"desktop":{"background-color":"var(--ast-global-color-4)","background-image":"","background-repeat":"repeat","background-position":"center center","background-size":"auto","background-attachment":"scroll","background-type":"","background-media":"","overlay-type":"","overlay-color":"","overlay-opacity":"","overlay-gradient":""},"tablet":{"background-color":"var(--ast-global-color-4)","background-image":"","background-repeat":"repeat","background-position":"center center","background-size":"auto","background-attachment":"scroll","background-type":"","background-media":"","overlay-type":"","overlay-color":"","overlay-opacity":"","overlay-gradient":""},"mobile":{"background-color":"var(--ast-global-color-4)","background-image":"","background-repeat":"repeat","background-position":"center center","background-size":"auto","background-attachment":"scroll","background-type":"","background-media":"","overlay-type":"","overlay-color":"","overlay-opacity":"","overlay-gradient":""}},"footnotes":""},"categories":[1],"tags":[],"class_list":["post-1054","post","type-post","status-publish","format-standard","has-post-thumbnail","hentry","category-bez-kategorii"],"_links":{"self":[{"href":"https:\/\/tpdeblin.pl\/index.php?rest_route=\/wp\/v2\/posts\/1054","targetHints":{"allow":["GET"]}}],"collection":[{"href":"https:\/\/tpdeblin.pl\/index.php?rest_route=\/wp\/v2\/posts"}],"about":[{"href":"https:\/\/tpdeblin.pl\/index.php?rest_route=\/wp\/v2\/types\/post"}],"author":[{"embeddable":true,"href":"https:\/\/tpdeblin.pl\/index.php?rest_route=\/wp\/v2\/users\/1"}],"replies":[{"embeddable":true,"href":"https:\/\/tpdeblin.pl\/index.php?rest_route=%2Fwp%2Fv2%2Fcomments&post=1054"}],"version-history":[{"count":2,"href":"https:\/\/tpdeblin.pl\/index.php?rest_route=\/wp\/v2\/posts\/1054\/revisions"}],"predecessor-version":[{"id":1057,"href":"https:\/\/tpdeblin.pl\/index.php?rest_route=\/wp\/v2\/posts\/1054\/revisions\/1057"}],"wp:featuredmedia":[{"embeddable":true,"href":"https:\/\/tpdeblin.pl\/index.php?rest_route=\/wp\/v2\/media\/1055"}],"wp:attachment":[{"href":"https:\/\/tpdeblin.pl\/index.php?rest_route=%2Fwp%2Fv2%2Fmedia&parent=1054"}],"wp:term":[{"taxonomy":"category","embeddable":true,"href":"https:\/\/tpdeblin.pl\/index.php?rest_route=%2Fwp%2Fv2%2Fcategories&post=1054"},{"taxonomy":"post_tag","embeddable":true,"href":"https:\/\/tpdeblin.pl\/index.php?rest_route=%2Fwp%2Fv2%2Ftags&post=1054"}],"curies":[{"name":"wp","href":"https:\/\/api.w.org\/{rel}","templated":true}]}}