{"id":1212,"date":"2026-08-31T21:39:35","date_gmt":"2026-08-31T19:39:35","guid":{"rendered":"https:\/\/tpdeblin.pl\/?p=1212"},"modified":"2026-08-31T21:40:48","modified_gmt":"2026-08-31T19:40:48","slug":"zasluzeni-dla-miasta-deblin-czesc-1","status":"publish","type":"post","link":"https:\/\/tpdeblin.pl\/?p=1212","title":{"rendered":"Zas\u0142u\u017ceni dla miasta D\u0119blin cz\u0119\u015b\u0107 1"},"content":{"rendered":"\n<h2 class=\"wp-block-heading has-text-align-center\">WANDA LORENTZ &#8211; \u0141OMOTTOWA<\/h2>\n\n\n\n<p class=\"wp-block-paragraph\">Urodzi\u0142a si\u0119 21 grudnia 1907 roku w Irenie. Szko\u0142\u0119 powszechn\u0105 sko\u0144czy\u0142a w Irenie, nast\u0119pnie ucz\u0119szcza\u0142a do Prywatnego Liceum i Gimnazjum w Ko\u0144skich. W 1926 roku przyst\u0105pi\u0142a do Egzaminu dojrza\u0142o\u015bci. <br>Studia rozpocz\u0119\u0142a na Uniwersytecie Warszawskim na Wydziale Humanistycznym. W 1930 roku otrzyma\u0142a stopie\u0144 magistra filologii w zakresie filologii polskiej. Sta\u017cy nauczycielski odbywa\u0142a w Pa\u0144stwowym Gimnazjum Koedukacyjnym w Ko\u0144skich oraz Koedukacyjnym Gimnazjum Humanistycznym Towarzystwa Szko\u0142y \u015aredniej w D\u0119blinie. W 1933 otrzyma\u0142a kwalifikacje do nauczania filologii polskiej. Swoj\u0105 pierwsz\u0105 prac\u0119 jako nauczycielka podj\u0119\u0142a w Samorz\u0105dowym Gimnazjum i Liceum w D\u0119blinie.<\/p>\n\n\n\n<p class=\"wp-block-paragraph\">Organizacja tajnego nauczania w D\u0119blinie rozpocz\u0119to w 1940 roku. Funkcj\u0119 kierownika pe\u0142nik Franciszek Szwarc, a jego zastepc\u0105 by\u0142a Wanda Lorentz. Nauczanie by\u0142o prowadzone w prywatnych domach. Przez ca\u0142y czas trwania komplet\u00f3w, nauk\u0119 pobiera\u0142o 142 uczni\u00f3w. Odby\u0142y si\u0119 dwa egzaminy dojrza\u0142o\u015bci. Lipiec 1944 roku zasta\u0142 Wand\u0119 Lorentz w Jedlni ko\u0142o Radomia, dopiero w lutym 1945 porw\u00f3rci\u0142a do D\u0119blina.<\/p>\n\n\n\n<p class=\"wp-block-paragraph\">Dobrowolnie przyj\u0119\u0142a na siebie obowi\u0105zki dyrektora organizowanej szko\u0142y za chorego dyrektora Szwarca. W dniu 5 listopada nastapi\u0142o uroczyste otwarcie szko\u0142y po czasach okupacji. Szko\u0142\u0105 otrzyma\u0142a nazw\u0119 &#8222;Gimnazjum i Liceum Og\u00f3lnokszta\u0142c\u0105ce&#8221;. Wanda Lorentz zosta\u0142a oficjalnie mianowana na dyrektora szko\u0142y.<\/p>\n\n\n\n<p class=\"wp-block-paragraph\"><\/p>\n","protected":false},"excerpt":{"rendered":"<p>WANDA LORENTZ &#8211; \u0141OMOTTOWA Urodzi\u0142a si\u0119 21 grudnia 1907 roku w Irenie. Szko\u0142\u0119 powszechn\u0105 sko\u0144czy\u0142a w Irenie, nast\u0119pnie ucz\u0119szcza\u0142a do [&hellip;]<\/p>\n","protected":false},"author":3,"featured_media":1213,"comment_status":"closed","ping_status":"closed","sticky":false,"template":"","format":"standard","meta":{"site-sidebar-layout":"default","site-content-layout":"","ast-site-content-layout":"default","site-content-style":"default","site-sidebar-style":"default","ast-global-header-display":"","ast-banner-title-visibility":"","ast-main-header-display":"","ast-hfb-above-header-display":"","ast-hfb-below-header-display":"","ast-hfb-mobile-header-display":"","site-post-title":"","ast-breadcrumbs-content":"","ast-featured-img":"","footer-sml-layout":"","ast-disable-related-posts":"","theme-transparent-header-meta":"","adv-header-id-meta":"","stick-header-meta":"","header-above-stick-meta":"","header-main-stick-meta":"","header-below-stick-meta":"","astra-migrate-meta-layouts":"default","ast-page-background-enabled":"default","ast-page-background-meta":{"desktop":{"background-color":"var(--ast-global-color-5)","background-image":"","background-repeat":"repeat","background-position":"center center","background-size":"auto","background-attachment":"scroll","background-type":"","background-media":"","overlay-type":"","overlay-color":"","overlay-opacity":"","overlay-gradient":""},"tablet":{"background-color":"","background-image":"","background-repeat":"repeat","background-position":"center center","background-size":"auto","background-attachment":"scroll","background-type":"","background-media":"","overlay-type":"","overlay-color":"","overlay-opacity":"","overlay-gradient":""},"mobile":{"background-color":"","background-image":"","background-repeat":"repeat","background-position":"center center","background-size":"auto","background-attachment":"scroll","background-type":"","background-media":"","overlay-type":"","overlay-color":"","overlay-opacity":"","overlay-gradient":""}},"ast-content-background-meta":{"desktop":{"background-color":"var(--ast-global-color-4)","background-image":"","background-repeat":"repeat","background-position":"center center","background-size":"auto","background-attachment":"scroll","background-type":"","background-media":"","overlay-type":"","overlay-color":"","overlay-opacity":"","overlay-gradient":""},"tablet":{"background-color":"var(--ast-global-color-4)","background-image":"","background-repeat":"repeat","background-position":"center center","background-size":"auto","background-attachment":"scroll","background-type":"","background-media":"","overlay-type":"","overlay-color":"","overlay-opacity":"","overlay-gradient":""},"mobile":{"background-color":"var(--ast-global-color-4)","background-image":"","background-repeat":"repeat","background-position":"center center","background-size":"auto","background-attachment":"scroll","background-type":"","background-media":"","overlay-type":"","overlay-color":"","overlay-opacity":"","overlay-gradient":""}},"footnotes":""},"categories":[1,7,5,14],"tags":[],"class_list":["post-1212","post","type-post","status-publish","format-standard","has-post-thumbnail","hentry","category-bez-kategorii","category-dawny-deblin","category-historia","category-z-kart-historii"],"_links":{"self":[{"href":"https:\/\/tpdeblin.pl\/index.php?rest_route=\/wp\/v2\/posts\/1212","targetHints":{"allow":["GET"]}}],"collection":[{"href":"https:\/\/tpdeblin.pl\/index.php?rest_route=\/wp\/v2\/posts"}],"about":[{"href":"https:\/\/tpdeblin.pl\/index.php?rest_route=\/wp\/v2\/types\/post"}],"author":[{"embeddable":true,"href":"https:\/\/tpdeblin.pl\/index.php?rest_route=\/wp\/v2\/users\/3"}],"replies":[{"embeddable":true,"href":"https:\/\/tpdeblin.pl\/index.php?rest_route=%2Fwp%2Fv2%2Fcomments&post=1212"}],"version-history":[{"count":2,"href":"https:\/\/tpdeblin.pl\/index.php?rest_route=\/wp\/v2\/posts\/1212\/revisions"}],"predecessor-version":[{"id":1215,"href":"https:\/\/tpdeblin.pl\/index.php?rest_route=\/wp\/v2\/posts\/1212\/revisions\/1215"}],"wp:featuredmedia":[{"embeddable":true,"href":"https:\/\/tpdeblin.pl\/index.php?rest_route=\/wp\/v2\/media\/1213"}],"wp:attachment":[{"href":"https:\/\/tpdeblin.pl\/index.php?rest_route=%2Fwp%2Fv2%2Fmedia&parent=1212"}],"wp:term":[{"taxonomy":"category","embeddable":true,"href":"https:\/\/tpdeblin.pl\/index.php?rest_route=%2Fwp%2Fv2%2Fcategories&post=1212"},{"taxonomy":"post_tag","embeddable":true,"href":"https:\/\/tpdeblin.pl\/index.php?rest_route=%2Fwp%2Fv2%2Ftags&post=1212"}],"curies":[{"name":"wp","href":"https:\/\/api.w.org\/{rel}","templated":true}]}}