{"id":583,"date":"2023-01-24T22:30:44","date_gmt":"2023-01-24T21:30:44","guid":{"rendered":"https:\/\/tpdeblin.pl\/?p=583"},"modified":"2023-01-24T22:30:44","modified_gmt":"2023-01-24T21:30:44","slug":"wspomnienie-o-ksiedzu-stanislawie-hladuniaku-honorowym-obywatelu-miasta-deblin","status":"publish","type":"post","link":"https:\/\/tpdeblin.pl\/?p=583","title":{"rendered":"Wspomnienie o Ksi\u0119dzu Stanis\u0142awie H\u0142aduniaku \u2013 Honorowym Obywatelu Miasta D\u0119blin"},"content":{"rendered":"<p>17 lutego min\u0119\u0142a 81 rocznica \u015bmierci ksi\u0119dza Stanis\u0142awa H\u0142aduniaka. By\u0142 znan\u0105 postaci\u0105 w latach trzydziestych ubieg\u0142ego wieku. Przyby\u0142 do ire\u0144skiej \u00a0parafii 1 sierpnia 1932 roku, bezpo\u015brednio po \u015bwi\u0119ceniach kap\u0142a\u0144skich. Uczy\u0142 religii w gimnazjum i liceum, by\u0142 aktywnym dzia\u0142aczem \u00a0d\u0119bli\u0144skiego harcerstwa, posiada\u0142 najwy\u017cszy stopie\u0144 Harcerza Rzeczypospolitej. Uczniowie i harcerze kochali i podziwiali swojego katechet\u0119 i komendanta hufca. <em>\u201e\u015awi\u0119ty cz\u0142owiek o ogromnej charyzmie, wspania\u0142y wychowawca i przyjaciel\u201d \u2013<\/em> pisze J\u00f3zef Zastawniak (matura 1939).<\/p>\n<p>W kwietniu \u00a01939 r. zosta\u0142 powo\u0142any na \u00a0kapelana 15 pu\u0142ku piechoty \u201eWilk\u00f3w\u201d, w randze kapitana rezerwy. Wraz z pu\u0142kiem wyruszy\u0142 \u00a0broni\u0107 zachodniej granicy. Na froncie spowiada\u0142, rozgrzesza\u0142 i nadzorowa\u0142 poch\u00f3wki. Towarzyszy\u0142 \u201epi\u0119tnastakom\u201d pod Wieluniem, Rych\u0142owicami, Pabianicami, dotar\u0142 a\u017c do Modlina. Odznaczony zosta\u0142 3 krotnie Krzy\u017cem Walecznych przez dow\u00f3dc\u0119 Armii \u0141\u00f3d\u017a. Nie poszed\u0142 do niewoli, wr\u00f3ci\u0142 do D\u0119blina gdzie zosta\u0142 wikariuszem. W\u0142\u0105czy\u0142 si\u0119 w \u00a0organizowanie tajnego nauczania. W 1941 roku wybuch\u0142a w Irenie epidemia tyfusu plamistego. Chorych izolowano w szpitalu zorganizowanym w budynku Szko\u0142y Powszechnej nr 1. Ksi\u0105dz Stanis\u0142aw H\u0142aduniak \u00a0pe\u0142ni\u0142 tu s\u0142u\u017cb\u0119 duszpastersk\u0105, pomaga\u0142 chorym, swoj\u0105 pogod\u0105 ducha rozprasza\u0142 l\u0119k przed \u015bmierci\u0105. Zara\u017cony tyfusem zmar\u0142 17 stycznia 1942 roku. Tysi\u0105ce d\u0119blinian, w mro\u017any styczniowy dzie\u0144 odprowadza\u0142o na cmentarz cz\u0142owieka o wielkim sercu, przyjaciela m\u0142odzie\u017cy.<\/p>\n<p><em>\u201eW naszej parafii \u00a0by\u0142o wielkie zmartwienie, zmar\u0142 ksi\u0105dz Stanis\u0142aw. Cichy, spokojny by\u0142 to cz\u0142owiek, ale kochany bardzo przez wszystkich. Na wyprowadzeniu zw\u0142ok do ko\u015bcio\u0142a i na pogrzebie t\u0142ok by\u0142 taki, \u017ce i\u015b\u0107 ulic\u0105 trudno by\u0142o &#8211; a p\u0142acz by\u0142 taki, \u017ce daleko by\u0142o s\u0142ycha\u0107 szloch ludzki. Pomimo trzaskaj\u0105cego mrozu ludzie odprowadzili ksi\u0119dza na sam cmentarz. Karawan jecha\u0142 za konduktem pogrzebowym, a trumn\u0119 ludzie nie\u015bli na samo miejsce wiecznego spoczynku, a cmentarz jest 5 km odleg\u0142y od Ireny. Ja chodz\u0119 teraz po domach sprawdza\u0107 czysto\u015b\u0107, to ludzie o niczym i o nikim nie m\u00f3wi\u0105 tylko o ksi\u0119dzu Stanis\u0142awie. W jednym miejscu opowiadali mi, \u017ce chciano Mu da\u0107 zastrzyk przeciw tyfusowi plamistemu \u2013 bo ksi\u0105dz spowiada\u0142 w szpitalu tyfusowym. Zastrzyk taki kosztowa\u0142 1000 z\u0142, ksi\u0105dz odm\u00f3wi\u0142, a pieni\u0105dze te przeznaczy\u0142 dla ratowania matki 8-ga dzieci, kt\u00f3ra te\u017c na tyfus chorowa\u0142a. Kobieta ta wyzdrowia\u0142a, a ksi\u0105dz umar\u0142\u201d &#8211; pisze NN<\/em><\/p>\n<p style=\"text-align: right;\">gsz<\/p>\n<p><em>Zdj\u0119cie ze zbior\u00f3w Ma\u0142gorzaty Iwaniec<\/em><\/p>\n","protected":false},"excerpt":{"rendered":"<p>17 lutego min\u0119\u0142a 81 rocznica \u015bmierci ksi\u0119dza Stanis\u0142awa H\u0142aduniaka. By\u0142 znan\u0105 postaci\u0105 w latach trzydziestych ubieg\u0142ego wieku. Przyby\u0142 do ire\u0144skiej [&hellip;]<\/p>\n","protected":false},"author":2,"featured_media":587,"comment_status":"closed","ping_status":"open","sticky":false,"template":"","format":"standard","meta":{"site-sidebar-layout":"default","site-content-layout":"","ast-site-content-layout":"default","site-content-style":"default","site-sidebar-style":"default","ast-global-header-display":"","ast-banner-title-visibility":"","ast-main-header-display":"","ast-hfb-above-header-display":"","ast-hfb-below-header-display":"","ast-hfb-mobile-header-display":"","site-post-title":"","ast-breadcrumbs-content":"","ast-featured-img":"","footer-sml-layout":"","ast-disable-related-posts":"","theme-transparent-header-meta":"","adv-header-id-meta":"","stick-header-meta":"","header-above-stick-meta":"","header-main-stick-meta":"","header-below-stick-meta":"","astra-migrate-meta-layouts":"default","ast-page-background-enabled":"default","ast-page-background-meta":{"desktop":{"background-color":"var(--ast-global-color-5)","background-image":"","background-repeat":"repeat","background-position":"center center","background-size":"auto","background-attachment":"scroll","background-type":"","background-media":"","overlay-type":"","overlay-color":"","overlay-opacity":"","overlay-gradient":""},"tablet":{"background-color":"","background-image":"","background-repeat":"repeat","background-position":"center center","background-size":"auto","background-attachment":"scroll","background-type":"","background-media":"","overlay-type":"","overlay-color":"","overlay-opacity":"","overlay-gradient":""},"mobile":{"background-color":"","background-image":"","background-repeat":"repeat","background-position":"center center","background-size":"auto","background-attachment":"scroll","background-type":"","background-media":"","overlay-type":"","overlay-color":"","overlay-opacity":"","overlay-gradient":""}},"ast-content-background-meta":{"desktop":{"background-color":"var(--ast-global-color-4)","background-image":"","background-repeat":"repeat","background-position":"center center","background-size":"auto","background-attachment":"scroll","background-type":"","background-media":"","overlay-type":"","overlay-color":"","overlay-opacity":"","overlay-gradient":""},"tablet":{"background-color":"var(--ast-global-color-4)","background-image":"","background-repeat":"repeat","background-position":"center center","background-size":"auto","background-attachment":"scroll","background-type":"","background-media":"","overlay-type":"","overlay-color":"","overlay-opacity":"","overlay-gradient":""},"mobile":{"background-color":"var(--ast-global-color-4)","background-image":"","background-repeat":"repeat","background-position":"center center","background-size":"auto","background-attachment":"scroll","background-type":"","background-media":"","overlay-type":"","overlay-color":"","overlay-opacity":"","overlay-gradient":""}},"footnotes":""},"categories":[4,8],"tags":[],"class_list":["post-583","post","type-post","status-publish","format-standard","has-post-thumbnail","hentry","category-aktualnosci","category-ii-wojna-swiatowa"],"_links":{"self":[{"href":"https:\/\/tpdeblin.pl\/index.php?rest_route=\/wp\/v2\/posts\/583","targetHints":{"allow":["GET"]}}],"collection":[{"href":"https:\/\/tpdeblin.pl\/index.php?rest_route=\/wp\/v2\/posts"}],"about":[{"href":"https:\/\/tpdeblin.pl\/index.php?rest_route=\/wp\/v2\/types\/post"}],"author":[{"embeddable":true,"href":"https:\/\/tpdeblin.pl\/index.php?rest_route=\/wp\/v2\/users\/2"}],"replies":[{"embeddable":true,"href":"https:\/\/tpdeblin.pl\/index.php?rest_route=%2Fwp%2Fv2%2Fcomments&post=583"}],"version-history":[{"count":0,"href":"https:\/\/tpdeblin.pl\/index.php?rest_route=\/wp\/v2\/posts\/583\/revisions"}],"wp:featuredmedia":[{"embeddable":true,"href":"https:\/\/tpdeblin.pl\/index.php?rest_route=\/"}],"wp:attachment":[{"href":"https:\/\/tpdeblin.pl\/index.php?rest_route=%2Fwp%2Fv2%2Fmedia&parent=583"}],"wp:term":[{"taxonomy":"category","embeddable":true,"href":"https:\/\/tpdeblin.pl\/index.php?rest_route=%2Fwp%2Fv2%2Fcategories&post=583"},{"taxonomy":"post_tag","embeddable":true,"href":"https:\/\/tpdeblin.pl\/index.php?rest_route=%2Fwp%2Fv2%2Ftags&post=583"}],"curies":[{"name":"wp","href":"https:\/\/api.w.org\/{rel}","templated":true}]}}