{"id":595,"date":"2023-03-19T16:14:03","date_gmt":"2023-03-19T15:14:03","guid":{"rendered":"https:\/\/tpdeblin.pl\/?p=595"},"modified":"2023-03-19T16:14:03","modified_gmt":"2023-03-19T15:14:03","slug":"publiczna-egzekucja-w-kurowie-6-marca-1944-roku","status":"publish","type":"post","link":"https:\/\/tpdeblin.pl\/?p=595","title":{"rendered":"Publiczna egzekucja w Kurowie 6 marca 1944 roku"},"content":{"rendered":"<p style=\"text-align: left;\">\u00a0\u00a0 W ostatnich dniach maja 1943 roku Niemcy przechwycili cz\u0119\u015b\u0107 archiwum AK Obwodu Pu\u0142awy. Gestapo rozszyfrowa\u0142o zdobyte materia\u0142y i przyst\u0105pi\u0142o do aresztowa\u0144 w nocy z 23 na 24 stycznia 1944 roku. Komendantem rejonu V D\u0119blin St\u0119\u017cyca by\u0142 so\u0142tys Ireny Wojciech Le\u015bko \u201eKostek\u201d. Jeszcze noc\u0105 przed aresztowaniem kto\u015b zapuka\u0142 do domu Le\u015bk\u00f3w i ostrzeg\u0142 komendanta o aresztowaniach. Le\u015bko \u00a0przygotowa\u0142 si\u0119 do aresztowania. By\u0142 ubrany, spakowa\u0142 do teczki niezb\u0119dne rzeczy i czeka\u0142 na przyj\u015bcie \u017candarm\u00f3w. Zaprowadzono go do gminy, gdy dotar\u0142a tam c\u00f3rka Janina, ojciec odda\u0142 jej zegarek. Aresztowanych przewieziono na zamek lubelski, gdzie grupami zabierano ich na przes\u0142uchania do gestapo. Przedstawiono torturowanym ich w\u0142asnor\u0119czne meldunki i raporty. Mimo posiadanego przez Niemc\u00f3w rejestru stopni i funkcji nikt z aresztowanych nie przyczyni\u0142 si\u0119 do dalszego rozszyfrowania materia\u0142\u00f3w konspiracyjnych posiadanych przez gestapowc\u00f3w.<br \/>\nZachowa\u0142 si\u0119 gryps Le\u015bki, na kt\u00f3rym pisa\u0142 do rodziny: <em>\u201eJestem zdr\u00f3w. Paczki otrzymuj\u0119. Napiszcie, czy jeste\u015bcie wszyscy zdrowi. \u017begnam Was. Zosta\u0144cie z Bogiem. Wojciech\u201d.<\/em><br \/>\nNatychmiast po aresztowaniu opr\u00f3\u017cniono kom\u00f3rk\u0119 Le\u015bk\u00f3w z kompromituj\u0105cych materia\u0142\u00f3w i przedmiot\u00f3w. Stanis\u0142aw Przykucki \u201ePola\u0144ski\u201d i J\u00f3zef Trze\u015bniak \u201eBard\u201d zabrali akta, amunicj\u0119 ukryt\u0105 w gruzach, deskach i innych skrytkach wykonanych przez Le\u015bko. Piotr Durakiewicz i wsp\u00f3\u0142pracownicy z konspiracji zacz\u0119li zbiera\u0107 pieni\u0105dze na wykup. Pr\u00f3by posz\u0142y kilkoma drogami. Odpowied\u017a nie budzi\u0142a nadziei. Le\u015bki nie uda\u0142o si\u0119 wykupi\u0107, gdy\u017c by\u0142 zbyt znacz\u0105c\u0105 figur\u0105 w organizacji.<br \/>\nRankiem 6 marca 1944 roku przyjecha\u0142 do Kurowa samoch\u00f3d ci\u0119\u017carowy z uzbrojonymi Niemcami. Ustawiono na rynku szubienic\u0119. Pracownikom Urz\u0119du Gminnego polecono rozlepi\u0107 plakaty, z kt\u00f3rych wynika\u0142o, \u017ce w dniu 3 marca 1944 roku na drodze pomi\u0119dzy Kurowem a \u017byrzynem cz\u0142onkowie ZWZ-AK napadli na kolumn\u0119 samochodow\u0105 i zabito trzech Niemc\u00f3w, w tym zast\u0119pc\u0119 komendanta obozu na Majdanku. W odwecie Niemcy \u00a0na rynku 6 marca \u00a0w publicznej egzekucji powiesili 10 aresztowanych cz\u0142onk\u00f3w ZWZ-AK, a 34 rozstrzelano. Skaza\u0144c\u00f3w wieszano i rozstrzeliwano z zagipsowanymi ustami i r\u0119kami zwi\u0105zanymi drutem kolczastym. By\u0142a to najwi\u0119ksza publiczna egzekucja wi\u0119\u017ani\u00f3w zamku lubelskiego w wojew\u00f3dztwie lubelskim.<\/p>\n<p>Na rynku w Kurowie zostali powieszeni:<br \/>\n&#8211; Wojciech \u00a0Le\u015bko \u201eKostka\u201d z Ireny, \u00a0komendant Rejonu V D\u0119blin \u2013 St\u0119\u017cyca<br \/>\n&#8211; Jan Augustyniak \u201eCzarny\u201dz Rycic, kurier ZWZ-AK,<br \/>\n&#8211; W\u0142adys\u0142aw Lamek \u201eOrze\u0142\u201d z Ireny, wywiad ZWZ-AK i punkt kontaktowy,<br \/>\n&#8211; Czes\u0142aw Paszko \u201eBrzoza\u201d z Rycic, cz\u0142onek ZWZ-AK,<br \/>\n&#8211; Czes\u0142aw Witenberg \u201eWierny\u201d z D\u0119blina, dow\u00f3dca plutonu AK,<\/p>\n<p>a rozstrzelano:<br \/>\n&#8211; Bronis\u0142awa Hinc \u201eLewandowski\u201d z Ireny, cz\u0142onka ZWZ-AK,<br \/>\n&#8211; Jana Chabrosa \u201eChomik\u201d z Krasnoglin, cz\u0142onka ZWZ-AK,<br \/>\n&#8211; Bronis\u0142awa Kotl\u0119g\u0119 z Krasnoglin, cz\u0142onka ZWZ-AK,<br \/>\n&#8211; Albina Kaczy\u0144skiego ,z Krasnoglin, cz\u0142onka ZWZ-AK,<br \/>\n&#8211; Franciszka Strzelczyka ze St\u0119\u017cycy, cz\u0142onka ZWZ-AK,<br \/>\n&#8211; Daniela Wardal z Karasi\u00f3wki, cz\u0142onka ZWZ-AK.<\/p>\n<p>Zw\u0142oki 34 rozstrzelanych zosta\u0142y wywiezione i zakopane w lesie ko\u0142o wsi Bar\u0142ogi. Rodzin\u0119 Le\u015bk\u00f3w powiadomi\u0142 o tym tragicznym zdarzeniu Boles\u0142aw Czekalski. Gdy \u017cona z c\u00f3rkami dotar\u0142y do Kurowa, zobaczy\u0142y szubienic\u0119 z wisz\u0105cymi, drogimi im osobami. Po dw\u00f3ch dniach, 8 marca Niemcy nakazali okolicznym mieszka\u0144com wsi pochowa\u0107 powieszonych.<br \/>\nDo zorganizowania uroczystego pogrzebu i identyfikacji zw\u0142ok zosta\u0142y wyznaczone oddzia\u0142y AK: \u201ePrzepi\u00f3rki\u201d Stefana Sikory, \u201eHektora\u201d Zdzis\u0142awa Targoci\u0144skiego i \u201eZago\u0144czyka\u201d Jerzego Jaskulskiego. Zadanie to wykonano z udzia\u0142em ludzi ze wsi Bar\u0142ogi w nocy z 24 na 25 marca 1944 roku. Po po\u0142\u0105czeniu si\u0119\u00a0 oddzia\u0142\u00f3w partyzanckich, w t\u0105 zimn\u0105, deszczow\u0105 noc, m\u0119\u017cczy\u017ani przyst\u0105pili do wykopywania cia\u0142 pomordowanych i sk\u0142adania do sosnowych trumien. \u201eZago\u0144czycy\u201d kolumn\u0105 furmanek przetransportowali ofiary na partyzancki cmentarz w \u017cyrzy\u0144skich lasach. Rozpoznane i oznakowane zw\u0142oki zosta\u0142y z\u0142o\u017cone do dw\u00f3ch bratnich, odpowiednio zabezpieczonych mogi\u0142. Uroczysto\u015bci \u017ca\u0142obne odprawi\u0142 wikary z Kurowa, ksi\u0105dz Stanis\u0142aw Or\u0142owski.<br \/>\nPo wyzwoleniu Polski nazwa ulicy Nieca\u0142a w D\u0119blinie zosta\u0142a zmieniona na ulic\u0119 Wojciecha Le\u015bki. Zw\u0142oki jego i dziewi\u0119ciu zamordowanych zosta\u0142y sprowadzone w 1946 roku do D\u0119blina i pochowane na cmentarzu parafialnym. Na grobie stan\u0105\u0142 brzozowy krzy\u017c z drzewa przywiezionego przez Mariana W\u0119gie\u0142ka i W\u0142adys\u0142aw\u0119 Le\u015bko.<\/p>\n<p>W rocznic\u0119 egzekucji 6 marca, z inicjatywy rodzin pomordowanych i \u017cyczliwo\u015bci ksi\u0119\u017cy, odprawiane by\u0142o w ko\u015bciele Piusa V nabo\u017ce\u0144stwo.<\/p>\n<p>W latach, gdy o Armii Krajowej m\u00f3wiono, \u017ce to \u201ezapluty karze\u0142 reakcji\u201d nazw\u0119 ulicy upami\u0119tniaj\u0105cej bohaterstwo Le\u015bki zmieniono na Ludwika Wary\u0144skiego. Rodzina Le\u015bk\u00f3w by\u0142a szykanowana, pisano anonimy, pani Paulina i c\u00f3rki mia\u0142y trudno\u015bci w uzyskaniu pracy.<\/p>\n<p><img loading=\"lazy\" decoding=\"async\" class=\"alignnone  wp-image-597\" src=\"https:\/\/tpdeblin.pl\/wp-content\/uploads\/2023\/03\/epitafium-157x300.png\" alt=\"\" width=\"217\" height=\"415\" \/><\/p>\n<p class=\"Default\"><b><i><span style=\"font-size: 11.0pt;\">Epitafium dla pomordowanych w Kurowie w ko\u015bciele p.w. \u015aw. Piusa V Papie\u017ca <\/span><\/i><\/b><\/p>\n<p><em>\u0179r\u00f3d\u0142o: Nasz D\u0119blin 5-8\/1993, Nasz D\u0119blin 3\/1998<\/em><\/p>\n<p style=\"text-align: right;\">gsz<\/p>\n","protected":false},"excerpt":{"rendered":"<p>\u00a0\u00a0 W ostatnich dniach maja 1943 roku Niemcy przechwycili cz\u0119\u015b\u0107 archiwum AK Obwodu Pu\u0142awy. Gestapo rozszyfrowa\u0142o zdobyte materia\u0142y i przyst\u0105pi\u0142o [&hellip;]<\/p>\n","protected":false},"author":2,"featured_media":598,"comment_status":"closed","ping_status":"open","sticky":false,"template":"","format":"standard","meta":{"site-sidebar-layout":"default","site-content-layout":"","ast-site-content-layout":"default","site-content-style":"default","site-sidebar-style":"default","ast-global-header-display":"","ast-banner-title-visibility":"","ast-main-header-display":"","ast-hfb-above-header-display":"","ast-hfb-below-header-display":"","ast-hfb-mobile-header-display":"","site-post-title":"","ast-breadcrumbs-content":"","ast-featured-img":"","footer-sml-layout":"","ast-disable-related-posts":"","theme-transparent-header-meta":"","adv-header-id-meta":"","stick-header-meta":"","header-above-stick-meta":"","header-main-stick-meta":"","header-below-stick-meta":"","astra-migrate-meta-layouts":"default","ast-page-background-enabled":"default","ast-page-background-meta":{"desktop":{"background-color":"var(--ast-global-color-5)","background-image":"","background-repeat":"repeat","background-position":"center center","background-size":"auto","background-attachment":"scroll","background-type":"","background-media":"","overlay-type":"","overlay-color":"","overlay-opacity":"","overlay-gradient":""},"tablet":{"background-color":"","background-image":"","background-repeat":"repeat","background-position":"center center","background-size":"auto","background-attachment":"scroll","background-type":"","background-media":"","overlay-type":"","overlay-color":"","overlay-opacity":"","overlay-gradient":""},"mobile":{"background-color":"","background-image":"","background-repeat":"repeat","background-position":"center center","background-size":"auto","background-attachment":"scroll","background-type":"","background-media":"","overlay-type":"","overlay-color":"","overlay-opacity":"","overlay-gradient":""}},"ast-content-background-meta":{"desktop":{"background-color":"var(--ast-global-color-4)","background-image":"","background-repeat":"repeat","background-position":"center center","background-size":"auto","background-attachment":"scroll","background-type":"","background-media":"","overlay-type":"","overlay-color":"","overlay-opacity":"","overlay-gradient":""},"tablet":{"background-color":"var(--ast-global-color-4)","background-image":"","background-repeat":"repeat","background-position":"center center","background-size":"auto","background-attachment":"scroll","background-type":"","background-media":"","overlay-type":"","overlay-color":"","overlay-opacity":"","overlay-gradient":""},"mobile":{"background-color":"var(--ast-global-color-4)","background-image":"","background-repeat":"repeat","background-position":"center center","background-size":"auto","background-attachment":"scroll","background-type":"","background-media":"","overlay-type":"","overlay-color":"","overlay-opacity":"","overlay-gradient":""}},"footnotes":""},"categories":[4],"tags":[],"class_list":["post-595","post","type-post","status-publish","format-standard","has-post-thumbnail","hentry","category-aktualnosci"],"_links":{"self":[{"href":"https:\/\/tpdeblin.pl\/index.php?rest_route=\/wp\/v2\/posts\/595","targetHints":{"allow":["GET"]}}],"collection":[{"href":"https:\/\/tpdeblin.pl\/index.php?rest_route=\/wp\/v2\/posts"}],"about":[{"href":"https:\/\/tpdeblin.pl\/index.php?rest_route=\/wp\/v2\/types\/post"}],"author":[{"embeddable":true,"href":"https:\/\/tpdeblin.pl\/index.php?rest_route=\/wp\/v2\/users\/2"}],"replies":[{"embeddable":true,"href":"https:\/\/tpdeblin.pl\/index.php?rest_route=%2Fwp%2Fv2%2Fcomments&post=595"}],"version-history":[{"count":0,"href":"https:\/\/tpdeblin.pl\/index.php?rest_route=\/wp\/v2\/posts\/595\/revisions"}],"wp:featuredmedia":[{"embeddable":true,"href":"https:\/\/tpdeblin.pl\/index.php?rest_route=\/"}],"wp:attachment":[{"href":"https:\/\/tpdeblin.pl\/index.php?rest_route=%2Fwp%2Fv2%2Fmedia&parent=595"}],"wp:term":[{"taxonomy":"category","embeddable":true,"href":"https:\/\/tpdeblin.pl\/index.php?rest_route=%2Fwp%2Fv2%2Fcategories&post=595"},{"taxonomy":"post_tag","embeddable":true,"href":"https:\/\/tpdeblin.pl\/index.php?rest_route=%2Fwp%2Fv2%2Ftags&post=595"}],"curies":[{"name":"wp","href":"https:\/\/api.w.org\/{rel}","templated":true}]}}